{"id":514,"date":"2014-09-05T00:37:45","date_gmt":"2014-09-05T00:37:45","guid":{"rendered":"http:\/\/nauticatv.ro\/site\/?p=514"},"modified":"2016-04-14T09:46:43","modified_gmt":"2016-04-14T09:46:43","slug":"diminetile-unor-optimisti-pe-lacul-techirghiol","status":"publish","type":"post","link":"https:\/\/nauticatv.ro\/?p=514","title":{"rendered":"Dimine\u0163ile unor optimi\u015fti &#8230; pe Lacul Techirghiol"},"content":{"rendered":"<p>De la \u00eenceputul vacan\u0163ei de var\u0103 2014, Clubul Nautic Rom\u00e2n \u015fi-a deschis larg por\u021bile elevilor care au cutezat s\u0103 \u00eencerce apa celui mai s\u0103rat lac din Rom\u00e2nia cu &#8230; yachtul.<\/p>\n<p>Am pus velierele acolo unde le este locul, la debarcader, pe luciul apei, \u015fi am \u00eenceput cu mult elan antrenamentele, la Baza Nautic\u0103 din Techirghiol.<\/p>\n<p>Cei 13 sportivi, membrii ai clubului, au debutat cu curaj \u00een lumea naviga\u021biei cu vele, particip\u00e2nd la c\u00e2te patru antrenamente pe s\u0103pt\u0103m\u00e2n\u0103, ini\u0163ial \u00eentr-o singur\u0103 grup\u0103 \u015fi mai apoi separa\u0163i \u00een dou\u0103 grupe valorice.<\/p>\n<p>Sportivii cu v\u00e2rste cuprinse \u00eentre 6 \u015fi 13 ani se preg\u0103tesc intens pentru a participa \u00een urm\u0103torul sezon competi\u021bional la Campionatul Na\u021bional dedicat \u00eencep\u0103torilor.<\/p>\n<p>Am realizat acest film documentar pentru ca imaginea video s\u0103 fie martor obiectiv, \u00een timp, pentru miracolul transform\u0103rii \u015fi devenirii acestor veli\u015fti \u015fi istoria sportiv\u0103 ce ei o vor scrie, aici !<\/p>\n<p><strong>PROTAGONI\u015eTI<br \/>\n<\/strong>Antrenor: <strong>Andreea Mih\u0103escu<br \/>\n<\/strong>Atle\u0163ii: <strong>Robert Popa, Carol Popa, Bianca-Maria Cojocaru, Firaz Memi\u015f, Izabela Miu, Eric Melinte-Moraru, Radu Sebastian Stratulat, Mihai-Alexandru Stratulat, Crina Belecciu, Anastasia-Cristiana Arn\u0103utu, Denisa-Ioana Arn\u0103utu, Dumitru-Daniel Niculescu, Cristian Picoiu.<\/strong><\/p>\n<p><strong>VA URMA &#8230;<\/strong><\/p>\n","protected":false},"excerpt":{"rendered":"<p>De la \u00eenceputul vacan\u0163ei de var\u0103 2014, Clubul Nautic Rom\u00e2n \u015fi-a deschis larg por\u021bile elevilor care au cutezat s\u0103 \u00eencerce apa celui mai s\u0103rat lac din Rom\u00e2nia cu &#8230; yachtul. Am pus velierele acolo unde le este locul, la debarcader, pe luciul apei, \u015fi am \u00eenceput cu mult elan antrenamentele, la Baza Nautic\u0103 din Techirghiol. Cei 13 sportivi, membrii ai clubului, au debutat cu curaj \u00een lumea naviga\u021biei cu vele, particip\u00e2nd la c\u00e2te patru antrenamente pe s\u0103pt\u0103m\u00e2n\u0103, ini\u0163ial \u00eentr-o singur\u0103 [&hellip;]<\/p>\n","protected":false},"author":1,"featured_media":45,"comment_status":"closed","ping_status":"open","sticky":false,"template":"","format":"standard","meta":[],"categories":[1],"tags":[],"_links":{"self":[{"href":"https:\/\/nauticatv.ro\/index.php?rest_route=\/wp\/v2\/posts\/514"}],"collection":[{"href":"https:\/\/nauticatv.ro\/index.php?rest_route=\/wp\/v2\/posts"}],"about":[{"href":"https:\/\/nauticatv.ro\/index.php?rest_route=\/wp\/v2\/types\/post"}],"author":[{"embeddable":true,"href":"https:\/\/nauticatv.ro\/index.php?rest_route=\/wp\/v2\/users\/1"}],"replies":[{"embeddable":true,"href":"https:\/\/nauticatv.ro\/index.php?rest_route=%2Fwp%2Fv2%2Fcomments&post=514"}],"version-history":[{"count":1,"href":"https:\/\/nauticatv.ro\/index.php?rest_route=\/wp\/v2\/posts\/514\/revisions"}],"predecessor-version":[{"id":517,"href":"https:\/\/nauticatv.ro\/index.php?rest_route=\/wp\/v2\/posts\/514\/revisions\/517"}],"wp:featuredmedia":[{"embeddable":true,"href":"https:\/\/nauticatv.ro\/index.php?rest_route=\/wp\/v2\/media\/45"}],"wp:attachment":[{"href":"https:\/\/nauticatv.ro\/index.php?rest_route=%2Fwp%2Fv2%2Fmedia&parent=514"}],"wp:term":[{"taxonomy":"category","embeddable":true,"href":"https:\/\/nauticatv.ro\/index.php?rest_route=%2Fwp%2Fv2%2Fcategories&post=514"},{"taxonomy":"post_tag","embeddable":true,"href":"https:\/\/nauticatv.ro\/index.php?rest_route=%2Fwp%2Fv2%2Ftags&post=514"}],"curies":[{"name":"wp","href":"https:\/\/api.w.org\/{rel}","templated":true}]}}